{"id":12655,"date":"2024-08-16T11:04:54","date_gmt":"2024-08-16T11:04:54","guid":{"rendered":"https:\/\/masterway.net\/tendencias-e-praticas-para-conciliar-a-vida-pessoal-e-profissional\/"},"modified":"2024-11-12T12:21:12","modified_gmt":"2024-11-12T12:21:12","slug":"tendencias-e-praticas-para-conciliar-a-vida-pessoal-e-profissional","status":"publish","type":"post","link":"https:\/\/masterway.net\/mz\/tendencias-e-praticas-para-conciliar-a-vida-pessoal-e-profissional\/","title":{"rendered":"Tend\u00eancias e pr\u00e1ticas para conciliar a vida pessoal e profissional"},"content":{"rendered":"<p>[vc_row kd_background_image_position=&#8221;vc_row-bg-position-top&#8221;][vc_column][vc_column_text]<\/p>\n<h3>O equil\u00edbrio entre a vida profissional e pessoal \u00e9 um dos principais desafios da era digital. Cabe \u00e0s empresas e aos colaboradores acharem o melhor caminho para a satisfa\u00e7\u00e3o de ambas as partes.<\/h3>\n<p><strong style=\"fpmt-weight: 900;\">Conhe\u00e7a, neste artigo, as tend\u00eancias e melhores pr\u00e1ticas<\/strong><\/p>\n<p>Equilibrar a vida pessoal com a profissional tornou-se um tema cada vez mais relevante. Um estilo de vida saud\u00e1vel e satisfat\u00f3rio exige estrat\u00e9gias que permitam conciliar as exig\u00eancias do trabalho com as necessidades pessoais. \u00c9 um desafio constante que, com melhor planeamento, organiza\u00e7\u00e3o e algumas mudan\u00e7as de h\u00e1bitos, \u00e9 poss\u00edvel de alcan\u00e7ar.<\/p>\n<p>O equil\u00edbrio \u00e9 um processo cont\u00ednuo e individual.\u00a0O que funciona para uma pessoa, pode n\u00e3o funcionar para outra. Contudo, h\u00e1 um conjunto de pr\u00e1ticas e tend\u00eancias que podem ajudar a um equil\u00edbrio que promove o bem-estar e a realiza\u00e7\u00e3o pessoal e profissional.<\/p>\n<p>A era digital, com a constante conectividade e flexibiliza\u00e7\u00e3o do trabalho, trouxe novos desafios para a concilia\u00e7\u00e3o entre vida pessoal e profissional. A linha que separa o trabalho da vida pessoal tornou-se cada vez mais t\u00e9nue, levando muitas pessoas \u00e0 fadiga e stress.<\/p>\n<p>Com o trabalho a poder invadir o espa\u00e7o de lazer e da fam\u00edlia, chegaram tamb\u00e9m tend\u00eancias para um maior e melhor equil\u00edbrio entre as dimens\u00f5es pessoal e profissional.<\/p>\n<p>A flexibiliza\u00e7\u00e3o de hor\u00e1rios e o trabalho remoto s\u00e3o cada vez mais comuns, permitindo que as pessoas adaptem o trabalho \u00e0s necessidades pessoais.<\/p>\n<p>Tamb\u00e9m as empresas est\u00e3o a investir, de forma crescente, em programas de bem-estar para colaboradores, como gin\u00e1stica, medita\u00e7\u00e3o e acompanhamento psicol\u00f3gico, visando conciliar a melhoria da qualidade de vida com a produtividade.<\/p>\n<p>\u00c9 precisamente a qualidade de vida que \u00e9 cada vez mais valorizada, atrav\u00e9s de atividades que promovem o bem-estar f\u00edsico e mental, como desporto, tempo em fam\u00edlia e com amigos ou hobbies.<\/p>\n<p>Tend\u00eancia a crescer, \u00e9 o estabelecimento de limites claros entre a vida pessoal e profissional, associada a um desligar digital do trabalho fora do hor\u00e1rio de expediente.<\/p>\n<p>Para al\u00e9m das tend\u00eancias, h\u00e1 as melhores pr\u00e1ticas, por forma a equilibrar a dimens\u00e3o pessoal com a profissional. Neste campo, o que fazer?<\/p>\n<p>Desde logo, estabelecer prioridades, definindo o que \u00e9 mais importante em cada momento e \u00e1rea da vida e organizar tarefas, de acordo com prioridades bem definidas.<\/p>\n<p>Isso, pode levar \u00e0 cria\u00e7\u00e3o de uma rotina estruturada, que ajuda a organizar o tempo e a manter o foco nas tarefas importantes.<\/p>\n<p>E, j\u00e1 que falamos em tarefas, \u00e9 importante delegar tarefas sempre que poss\u00edvel.\u00a0N\u00e3o ter medo de delegar noutras pessoas, seja no trabalho ou em casa.<\/p>\n<p>Aprenda a dizer n\u00e3o.\u00a0\u00c9 importante saber dizer n\u00e3o a novas responsabilidades quando a agenda j\u00e1 est\u00e1 cheia e vai implicar transtornos numa ou em ambas as dimens\u00f5es; pessoal e\/ou profissional.<\/p>\n<p>Cuidados com a sa\u00fade, ter hobbies, passar tempo com amigos e fam\u00edlia e, se necess\u00e1rio procurar apoio de um psic\u00f3logo ou coach s\u00e3o outros aspetos a considerar.[\/vc_column_text][vc_column_text][\/vc_column_text][\/vc_column][\/vc_row]<\/p>\n","protected":false},"excerpt":{"rendered":"<p>O equil\u00edbrio entre a vida profissional e pessoal \u00e9 um dos principais desafios da era digital. Cabe \u00e0s empresas e aos colaboradores acharem o melhor caminho para a satisfa\u00e7\u00e3o de ambas as partes.<\/p>\n","protected":false},"author":2,"featured_media":11397,"comment_status":"closed","ping_status":"open","sticky":false,"template":"","format":"standard","meta":{"footnotes":""},"categories":[74],"tags":[90],"class_list":["post-12655","post","type-post","status-publish","format-standard","has-post-thumbnail","hentry","category-artigos-mz","tag-artigos-mz"],"yoast_head":"<!-- This site is optimized with the Yoast SEO plugin v27.3 - https:\/\/yoast.com\/product\/yoast-seo-wordpress\/ -->\n<title>Tend\u00eancias e pr\u00e1ticas para conciliar a vida pessoal e profissional - Masterway<\/title>\n<meta name=\"robots\" content=\"index, follow, max-snippet:-1, max-image-preview:large, max-video-preview:-1\" \/>\n<link rel=\"canonical\" href=\"https:\/\/masterway.net\/mz\/tendencias-e-praticas-para-conciliar-a-vida-pessoal-e-profissional\/\" \/>\n<meta property=\"og:locale\" content=\"en_US\" \/>\n<meta property=\"og:type\" content=\"article\" \/>\n<meta property=\"og:title\" content=\"Tend\u00eancias e pr\u00e1ticas para conciliar a vida pessoal e profissional - Masterway\" \/>\n<meta property=\"og:description\" content=\"O equil\u00edbrio entre a vida profissional e pessoal \u00e9 um dos principais desafios da era digital. Cabe \u00e0s empresas e aos colaboradores acharem o melhor caminho para a satisfa\u00e7\u00e3o de ambas as partes.\" \/>\n<meta property=\"og:url\" content=\"https:\/\/masterway.net\/mz\/tendencias-e-praticas-para-conciliar-a-vida-pessoal-e-profissional\/\" \/>\n<meta property=\"og:site_name\" content=\"Masterway\" \/>\n<meta property=\"article:publisher\" content=\"https:\/\/www.facebook.com\/masterwaysoftware\" \/>\n<meta property=\"article:published_time\" content=\"2024-08-16T11:04:54+00:00\" \/>\n<meta property=\"article:modified_time\" content=\"2024-11-12T12:21:12+00:00\" \/>\n<meta property=\"og:image\" content=\"https:\/\/masterway.net\/wp-content\/uploads\/2024\/11\/art-equilibrio-pessoal-profissional.webp\" \/>\n\t<meta property=\"og:image:width\" content=\"1229\" \/>\n\t<meta property=\"og:image:height\" content=\"645\" \/>\n\t<meta property=\"og:image:type\" content=\"image\/webp\" \/>\n<meta name=\"author\" content=\"Rodrigo Silva\" \/>\n<meta name=\"twitter:card\" content=\"summary_large_image\" \/>\n<meta name=\"twitter:label1\" content=\"Written by\" \/>\n\t<meta name=\"twitter:data1\" content=\"Rodrigo Silva\" \/>\n\t<meta name=\"twitter:label2\" content=\"Est. reading time\" \/>\n\t<meta name=\"twitter:data2\" content=\"3 minutes\" \/>\n<script type=\"application\/ld+json\" class=\"yoast-schema-graph\">{\"@context\":\"https:\\\/\\\/schema.org\",\"@graph\":[{\"@type\":\"Article\",\"@id\":\"https:\\\/\\\/masterway.net\\\/mz\\\/tendencias-e-praticas-para-conciliar-a-vida-pessoal-e-profissional\\\/#article\",\"isPartOf\":{\"@id\":\"https:\\\/\\\/masterway.net\\\/mz\\\/tendencias-e-praticas-para-conciliar-a-vida-pessoal-e-profissional\\\/\"},\"author\":{\"name\":\"Rodrigo Silva\",\"@id\":\"https:\\\/\\\/masterway.net\\\/mz\\\/#\\\/schema\\\/person\\\/c25b2ee5f24a3648d0d6384dd89e3667\"},\"headline\":\"Tend\u00eancias e pr\u00e1ticas para conciliar a vida pessoal e profissional\",\"datePublished\":\"2024-08-16T11:04:54+00:00\",\"dateModified\":\"2024-11-12T12:21:12+00:00\",\"mainEntityOfPage\":{\"@id\":\"https:\\\/\\\/masterway.net\\\/mz\\\/tendencias-e-praticas-para-conciliar-a-vida-pessoal-e-profissional\\\/\"},\"wordCount\":562,\"publisher\":{\"@id\":\"https:\\\/\\\/masterway.net\\\/mz\\\/#organization\"},\"image\":{\"@id\":\"https:\\\/\\\/masterway.net\\\/mz\\\/tendencias-e-praticas-para-conciliar-a-vida-pessoal-e-profissional\\\/#primaryimage\"},\"thumbnailUrl\":\"https:\\\/\\\/masterway.net\\\/wp-content\\\/uploads\\\/2024\\\/11\\\/art-equilibrio-pessoal-profissional.webp\",\"keywords\":[\"Artigos\"],\"articleSection\":[\"Artigos\"],\"inLanguage\":\"MZ\"},{\"@type\":\"WebPage\",\"@id\":\"https:\\\/\\\/masterway.net\\\/mz\\\/tendencias-e-praticas-para-conciliar-a-vida-pessoal-e-profissional\\\/\",\"url\":\"https:\\\/\\\/masterway.net\\\/mz\\\/tendencias-e-praticas-para-conciliar-a-vida-pessoal-e-profissional\\\/\",\"name\":\"Tend\u00eancias e pr\u00e1ticas para conciliar a vida pessoal e profissional - Masterway\",\"isPartOf\":{\"@id\":\"https:\\\/\\\/masterway.net\\\/mz\\\/#website\"},\"primaryImageOfPage\":{\"@id\":\"https:\\\/\\\/masterway.net\\\/mz\\\/tendencias-e-praticas-para-conciliar-a-vida-pessoal-e-profissional\\\/#primaryimage\"},\"image\":{\"@id\":\"https:\\\/\\\/masterway.net\\\/mz\\\/tendencias-e-praticas-para-conciliar-a-vida-pessoal-e-profissional\\\/#primaryimage\"},\"thumbnailUrl\":\"https:\\\/\\\/masterway.net\\\/wp-content\\\/uploads\\\/2024\\\/11\\\/art-equilibrio-pessoal-profissional.webp\",\"datePublished\":\"2024-08-16T11:04:54+00:00\",\"dateModified\":\"2024-11-12T12:21:12+00:00\",\"breadcrumb\":{\"@id\":\"https:\\\/\\\/masterway.net\\\/mz\\\/tendencias-e-praticas-para-conciliar-a-vida-pessoal-e-profissional\\\/#breadcrumb\"},\"inLanguage\":\"MZ\",\"potentialAction\":[{\"@type\":\"ReadAction\",\"target\":[\"https:\\\/\\\/masterway.net\\\/mz\\\/tendencias-e-praticas-para-conciliar-a-vida-pessoal-e-profissional\\\/\"]}]},{\"@type\":\"ImageObject\",\"inLanguage\":\"MZ\",\"@id\":\"https:\\\/\\\/masterway.net\\\/mz\\\/tendencias-e-praticas-para-conciliar-a-vida-pessoal-e-profissional\\\/#primaryimage\",\"url\":\"https:\\\/\\\/masterway.net\\\/wp-content\\\/uploads\\\/2024\\\/11\\\/art-equilibrio-pessoal-profissional.webp\",\"contentUrl\":\"https:\\\/\\\/masterway.net\\\/wp-content\\\/uploads\\\/2024\\\/11\\\/art-equilibrio-pessoal-profissional.webp\",\"width\":1229,\"height\":645},{\"@type\":\"BreadcrumbList\",\"@id\":\"https:\\\/\\\/masterway.net\\\/mz\\\/tendencias-e-praticas-para-conciliar-a-vida-pessoal-e-profissional\\\/#breadcrumb\",\"itemListElement\":[{\"@type\":\"ListItem\",\"position\":1,\"name\":\"In\u00edcio\",\"item\":\"https:\\\/\\\/masterway.net\\\/mz\\\/\"},{\"@type\":\"ListItem\",\"position\":2,\"name\":\"Tend\u00eancias e pr\u00e1ticas para conciliar a vida pessoal e profissional\"}]},{\"@type\":\"WebSite\",\"@id\":\"https:\\\/\\\/masterway.net\\\/mz\\\/#website\",\"url\":\"https:\\\/\\\/masterway.net\\\/mz\\\/\",\"name\":\"Masterway\",\"description\":\"\",\"publisher\":{\"@id\":\"https:\\\/\\\/masterway.net\\\/mz\\\/#organization\"},\"potentialAction\":[{\"@type\":\"SearchAction\",\"target\":{\"@type\":\"EntryPoint\",\"urlTemplate\":\"https:\\\/\\\/masterway.net\\\/mz\\\/?s={search_term_string}\"},\"query-input\":{\"@type\":\"PropertyValueSpecification\",\"valueRequired\":true,\"valueName\":\"search_term_string\"}}],\"inLanguage\":\"MZ\"},{\"@type\":\"Organization\",\"@id\":\"https:\\\/\\\/masterway.net\\\/mz\\\/#organization\",\"name\":\"Masterway\",\"url\":\"https:\\\/\\\/masterway.net\\\/mz\\\/\",\"logo\":{\"@type\":\"ImageObject\",\"inLanguage\":\"MZ\",\"@id\":\"https:\\\/\\\/masterway.net\\\/mz\\\/#\\\/schema\\\/logo\\\/image\\\/\",\"url\":\"https:\\\/\\\/masterway.net\\\/wp-content\\\/uploads\\\/2024\\\/02\\\/masterway-logo-color.svg\",\"contentUrl\":\"https:\\\/\\\/masterway.net\\\/wp-content\\\/uploads\\\/2024\\\/02\\\/masterway-logo-color.svg\",\"width\":1,\"height\":1,\"caption\":\"Masterway\"},\"image\":{\"@id\":\"https:\\\/\\\/masterway.net\\\/mz\\\/#\\\/schema\\\/logo\\\/image\\\/\"},\"sameAs\":[\"https:\\\/\\\/www.facebook.com\\\/masterwaysoftware\"]},{\"@type\":\"Person\",\"@id\":\"https:\\\/\\\/masterway.net\\\/mz\\\/#\\\/schema\\\/person\\\/c25b2ee5f24a3648d0d6384dd89e3667\",\"name\":\"Rodrigo Silva\",\"image\":{\"@type\":\"ImageObject\",\"inLanguage\":\"MZ\",\"@id\":\"https:\\\/\\\/secure.gravatar.com\\\/avatar\\\/7c04aeccf2dc49fb8b85552b29989f044b4d86f94489f155d303539a17f5c074?s=96&d=mm&r=g\",\"url\":\"https:\\\/\\\/secure.gravatar.com\\\/avatar\\\/7c04aeccf2dc49fb8b85552b29989f044b4d86f94489f155d303539a17f5c074?s=96&d=mm&r=g\",\"contentUrl\":\"https:\\\/\\\/secure.gravatar.com\\\/avatar\\\/7c04aeccf2dc49fb8b85552b29989f044b4d86f94489f155d303539a17f5c074?s=96&d=mm&r=g\",\"caption\":\"Rodrigo Silva\"},\"url\":\"https:\\\/\\\/masterway.net\\\/mz\\\/author\\\/rodrigo\\\/\"}]}<\/script>\n<!-- \/ Yoast SEO plugin. -->","yoast_head_json":{"title":"Tend\u00eancias e pr\u00e1ticas para conciliar a vida pessoal e profissional - Masterway","robots":{"index":"index","follow":"follow","max-snippet":"max-snippet:-1","max-image-preview":"max-image-preview:large","max-video-preview":"max-video-preview:-1"},"canonical":"https:\/\/masterway.net\/mz\/tendencias-e-praticas-para-conciliar-a-vida-pessoal-e-profissional\/","og_locale":"en_US","og_type":"article","og_title":"Tend\u00eancias e pr\u00e1ticas para conciliar a vida pessoal e profissional - Masterway","og_description":"O equil\u00edbrio entre a vida profissional e pessoal \u00e9 um dos principais desafios da era digital. Cabe \u00e0s empresas e aos colaboradores acharem o melhor caminho para a satisfa\u00e7\u00e3o de ambas as partes.","og_url":"https:\/\/masterway.net\/mz\/tendencias-e-praticas-para-conciliar-a-vida-pessoal-e-profissional\/","og_site_name":"Masterway","article_publisher":"https:\/\/www.facebook.com\/masterwaysoftware","article_published_time":"2024-08-16T11:04:54+00:00","article_modified_time":"2024-11-12T12:21:12+00:00","og_image":[{"width":1229,"height":645,"url":"https:\/\/masterway.net\/wp-content\/uploads\/2024\/11\/art-equilibrio-pessoal-profissional.webp","type":"image\/webp"}],"author":"Rodrigo Silva","twitter_card":"summary_large_image","twitter_misc":{"Written by":"Rodrigo Silva","Est. reading time":"3 minutes"},"schema":{"@context":"https:\/\/schema.org","@graph":[{"@type":"Article","@id":"https:\/\/masterway.net\/mz\/tendencias-e-praticas-para-conciliar-a-vida-pessoal-e-profissional\/#article","isPartOf":{"@id":"https:\/\/masterway.net\/mz\/tendencias-e-praticas-para-conciliar-a-vida-pessoal-e-profissional\/"},"author":{"name":"Rodrigo Silva","@id":"https:\/\/masterway.net\/mz\/#\/schema\/person\/c25b2ee5f24a3648d0d6384dd89e3667"},"headline":"Tend\u00eancias e pr\u00e1ticas para conciliar a vida pessoal e profissional","datePublished":"2024-08-16T11:04:54+00:00","dateModified":"2024-11-12T12:21:12+00:00","mainEntityOfPage":{"@id":"https:\/\/masterway.net\/mz\/tendencias-e-praticas-para-conciliar-a-vida-pessoal-e-profissional\/"},"wordCount":562,"publisher":{"@id":"https:\/\/masterway.net\/mz\/#organization"},"image":{"@id":"https:\/\/masterway.net\/mz\/tendencias-e-praticas-para-conciliar-a-vida-pessoal-e-profissional\/#primaryimage"},"thumbnailUrl":"https:\/\/masterway.net\/wp-content\/uploads\/2024\/11\/art-equilibrio-pessoal-profissional.webp","keywords":["Artigos"],"articleSection":["Artigos"],"inLanguage":"MZ"},{"@type":"WebPage","@id":"https:\/\/masterway.net\/mz\/tendencias-e-praticas-para-conciliar-a-vida-pessoal-e-profissional\/","url":"https:\/\/masterway.net\/mz\/tendencias-e-praticas-para-conciliar-a-vida-pessoal-e-profissional\/","name":"Tend\u00eancias e pr\u00e1ticas para conciliar a vida pessoal e profissional - Masterway","isPartOf":{"@id":"https:\/\/masterway.net\/mz\/#website"},"primaryImageOfPage":{"@id":"https:\/\/masterway.net\/mz\/tendencias-e-praticas-para-conciliar-a-vida-pessoal-e-profissional\/#primaryimage"},"image":{"@id":"https:\/\/masterway.net\/mz\/tendencias-e-praticas-para-conciliar-a-vida-pessoal-e-profissional\/#primaryimage"},"thumbnailUrl":"https:\/\/masterway.net\/wp-content\/uploads\/2024\/11\/art-equilibrio-pessoal-profissional.webp","datePublished":"2024-08-16T11:04:54+00:00","dateModified":"2024-11-12T12:21:12+00:00","breadcrumb":{"@id":"https:\/\/masterway.net\/mz\/tendencias-e-praticas-para-conciliar-a-vida-pessoal-e-profissional\/#breadcrumb"},"inLanguage":"MZ","potentialAction":[{"@type":"ReadAction","target":["https:\/\/masterway.net\/mz\/tendencias-e-praticas-para-conciliar-a-vida-pessoal-e-profissional\/"]}]},{"@type":"ImageObject","inLanguage":"MZ","@id":"https:\/\/masterway.net\/mz\/tendencias-e-praticas-para-conciliar-a-vida-pessoal-e-profissional\/#primaryimage","url":"https:\/\/masterway.net\/wp-content\/uploads\/2024\/11\/art-equilibrio-pessoal-profissional.webp","contentUrl":"https:\/\/masterway.net\/wp-content\/uploads\/2024\/11\/art-equilibrio-pessoal-profissional.webp","width":1229,"height":645},{"@type":"BreadcrumbList","@id":"https:\/\/masterway.net\/mz\/tendencias-e-praticas-para-conciliar-a-vida-pessoal-e-profissional\/#breadcrumb","itemListElement":[{"@type":"ListItem","position":1,"name":"In\u00edcio","item":"https:\/\/masterway.net\/mz\/"},{"@type":"ListItem","position":2,"name":"Tend\u00eancias e pr\u00e1ticas para conciliar a vida pessoal e profissional"}]},{"@type":"WebSite","@id":"https:\/\/masterway.net\/mz\/#website","url":"https:\/\/masterway.net\/mz\/","name":"Masterway","description":"","publisher":{"@id":"https:\/\/masterway.net\/mz\/#organization"},"potentialAction":[{"@type":"SearchAction","target":{"@type":"EntryPoint","urlTemplate":"https:\/\/masterway.net\/mz\/?s={search_term_string}"},"query-input":{"@type":"PropertyValueSpecification","valueRequired":true,"valueName":"search_term_string"}}],"inLanguage":"MZ"},{"@type":"Organization","@id":"https:\/\/masterway.net\/mz\/#organization","name":"Masterway","url":"https:\/\/masterway.net\/mz\/","logo":{"@type":"ImageObject","inLanguage":"MZ","@id":"https:\/\/masterway.net\/mz\/#\/schema\/logo\/image\/","url":"https:\/\/masterway.net\/wp-content\/uploads\/2024\/02\/masterway-logo-color.svg","contentUrl":"https:\/\/masterway.net\/wp-content\/uploads\/2024\/02\/masterway-logo-color.svg","width":1,"height":1,"caption":"Masterway"},"image":{"@id":"https:\/\/masterway.net\/mz\/#\/schema\/logo\/image\/"},"sameAs":["https:\/\/www.facebook.com\/masterwaysoftware"]},{"@type":"Person","@id":"https:\/\/masterway.net\/mz\/#\/schema\/person\/c25b2ee5f24a3648d0d6384dd89e3667","name":"Rodrigo Silva","image":{"@type":"ImageObject","inLanguage":"MZ","@id":"https:\/\/secure.gravatar.com\/avatar\/7c04aeccf2dc49fb8b85552b29989f044b4d86f94489f155d303539a17f5c074?s=96&d=mm&r=g","url":"https:\/\/secure.gravatar.com\/avatar\/7c04aeccf2dc49fb8b85552b29989f044b4d86f94489f155d303539a17f5c074?s=96&d=mm&r=g","contentUrl":"https:\/\/secure.gravatar.com\/avatar\/7c04aeccf2dc49fb8b85552b29989f044b4d86f94489f155d303539a17f5c074?s=96&d=mm&r=g","caption":"Rodrigo Silva"},"url":"https:\/\/masterway.net\/mz\/author\/rodrigo\/"}]}},"_links":{"self":[{"href":"https:\/\/masterway.net\/mz\/wp-json\/wp\/v2\/posts\/12655","targetHints":{"allow":["GET"]}}],"collection":[{"href":"https:\/\/masterway.net\/mz\/wp-json\/wp\/v2\/posts"}],"about":[{"href":"https:\/\/masterway.net\/mz\/wp-json\/wp\/v2\/types\/post"}],"author":[{"embeddable":true,"href":"https:\/\/masterway.net\/mz\/wp-json\/wp\/v2\/users\/2"}],"replies":[{"embeddable":true,"href":"https:\/\/masterway.net\/mz\/wp-json\/wp\/v2\/comments?post=12655"}],"version-history":[{"count":1,"href":"https:\/\/masterway.net\/mz\/wp-json\/wp\/v2\/posts\/12655\/revisions"}],"predecessor-version":[{"id":12658,"href":"https:\/\/masterway.net\/mz\/wp-json\/wp\/v2\/posts\/12655\/revisions\/12658"}],"wp:featuredmedia":[{"embeddable":true,"href":"https:\/\/masterway.net\/mz\/wp-json\/wp\/v2\/media\/11397"}],"wp:attachment":[{"href":"https:\/\/masterway.net\/mz\/wp-json\/wp\/v2\/media?parent=12655"}],"wp:term":[{"taxonomy":"category","embeddable":true,"href":"https:\/\/masterway.net\/mz\/wp-json\/wp\/v2\/categories?post=12655"},{"taxonomy":"post_tag","embeddable":true,"href":"https:\/\/masterway.net\/mz\/wp-json\/wp\/v2\/tags?post=12655"}],"curies":[{"name":"wp","href":"https:\/\/api.w.org\/{rel}","templated":true}]}}