{"id":14975,"date":"2025-02-24T17:54:43","date_gmt":"2025-02-24T17:54:43","guid":{"rendered":"https:\/\/masterway.net\/fernando-amaral-presidente-do-grupo-sendys-hoje-nao-ha-patroes-ha-referencias-e-temos-de-trabalhar-para-ser-uma-referencia\/"},"modified":"2025-02-25T14:59:27","modified_gmt":"2025-02-25T14:59:27","slug":"fernando-amaral-presidente-do-grupo-sendys-hoje-nao-ha-patroes-ha-referencias-e-temos-de-trabalhar-para-ser-uma-referencia","status":"publish","type":"post","link":"https:\/\/masterway.net\/ao\/fernando-amaral-presidente-do-grupo-sendys-hoje-nao-ha-patroes-ha-referencias-e-temos-de-trabalhar-para-ser-uma-referencia\/","title":{"rendered":"Fernando Amaral, presidente do Grupo Sendys: \u201cHoje n\u00e3o h\u00e1 patr\u00f5es, h\u00e1 refer\u00eancias e temos de trabalhar para ser uma refer\u00eancia\u201d"},"content":{"rendered":"<p>[vc_row kd_background_image_position=&#8221;vc_row-bg-position-top&#8221;][vc_column width=&#8221;1\/2&#8243;][vc_custom_heading text=&#8221;Fernando Amaral acredita que a lideran\u00e7a \u00e9 uma miss\u00e3o, defendendo que o papel do l\u00edder \u00e9 auxiliar a equipa a alinhar o seu ritmo e velocidade.&#8221; font_container=&#8221;tag:h2|font_size:20|text_align:left&#8221; use_theme_fonts=&#8221;yes&#8221;][vc_column_text]<\/p>\n<p data-pm-slice=\"1 1 []\">Com uma carreira consolidada no setor tecnol\u00f3gico, iniciou o seu percurso na Prol\u00f3gica, passando posteriormente pela Capgemini, onde liderou projetos financeiros em Portugal, Angola e Mo\u00e7ambique. Em 2009, fundou o\u00a0<strong>Grupo Sendys<\/strong>, que atualmente engloba diversas empresas, entre as quais a\u00a0<a title=\"Sendys\" href=\"\/\" target=\"_blank\" rel=\"noopener\">Sendys<\/a>,\u00a0<a title=\"Alidata\" href=\"\/\" target=\"_blank\" rel=\"noopener\">Alidata<\/a>,\u00a0<a title=\"Labseal\" href=\"https:\/\/labseal.pt\/\" target=\"_blank\" rel=\"noopener\">Labseal<\/a>,\u00a0<a title=\"Marca Criativa\" href=\"https:\/\/www.marcacriativa.pt\/\" target=\"_blank\" rel=\"noopener\">Marca Criativa<\/a>,\u00a0<a title=\"Masterstrategy\" href=\"https:\/\/masterstrategy.pt\/\" target=\"_blank\" rel=\"noopener\">Masterstrategy<\/a>,\u00a0<a title=\"Seal Angola\" href=\"https:\/\/www.sealangola.co.ao\/\" target=\"_blank\" rel=\"noopener\">S<\/a><a title=\"Seal Angola\" href=\"https:\/\/www.sealangola.co.ao\/\" target=\"_blank\" rel=\"noopener\">eal Angola<\/a><a title=\"Seal Angola\" href=\"https:\/\/www.sealangola.co.ao\/\" target=\"_blank\" rel=\"noopener\">,\u00a0<\/a><a title=\"Seal Moz\" href=\"https:\/\/www.sealmoz.co.mz\/\" target=\"_blank\" rel=\"noopener\">Seal Moz<\/a>\u00a0e Seal Cabo Verde.<\/p>\n<p data-pm-slice=\"1 1 []\">A sua trajet\u00f3ria acad\u00e9mica e profissional foi marcada por decis\u00f5es determinantes. Iniciou estudos em Direito, mas a sua voca\u00e7\u00e3o pela tecnologia levou-o a enveredar por um curso de Inform\u00e1tica financiado pelo Fundo Social Europeu, sem qualquer experi\u00eancia pr\u00e9via com computadores.<\/p>\n<p>[\/vc_column_text][\/vc_column][vc_column width=&#8221;1\/2&#8243;][vc_single_image image=&#8221;14957&#8243; img_size=&#8221;full&#8221; alignment=&#8221;right&#8221; style=&#8221;vc_box_rounded&#8221; onclick=&#8221;link_image&#8221;][\/vc_column][\/vc_row][vc_row kd_background_image_position=&#8221;vc_row-bg-position-top&#8221;][vc_column][vc_column_text]<\/p>\n<p>&nbsp;<\/p>\n<div class=\"v3pre\">\n<p>Para al\u00e9m da vertente profissional, o seu percurso pessoal \u00e9 pautado por desafios significativos. Perdeu o pai aos 23 anos, enfrentou um cancro pulmonar, sofreu um enfarte aos 30 e, aos 50 anos, submeteu-se a uma cirurgia para a substitui\u00e7\u00e3o de uma v\u00e1lvula card\u00edaca.<\/p>\n<blockquote><p><em>&#8220;A vida deu-me uma r\u00e9gua para medir aquilo que verdadeiramente importa\u201d, sublinha, acrescentando que \u201ca\u00a0maior parte das pessoas vive a pensar no que lhe falta realizar, para mim cada dia \u00e9 um b\u00f3nus e foco-me no que j\u00e1 realizei<\/em><em>&#8220;<\/em><\/p><\/blockquote>\n<p>Com uma\u00a0<a title=\"Entrevista Vida Econ\u00f3mica\" href=\"\/noticias-e-eventos\/noticias\/inteligencia-artificial-tem-efeito-disruptivo-na-gestao-empresarial\/\" target=\"_blank\" rel=\"noopener\">abordagem diferenciada<\/a>\u00a0\u00e0 gest\u00e3o, sempre tratou os neg\u00f3cios onde trabalhou como se fossem seus, enfatizando que nunca tomou decis\u00f5es como empregado que n\u00e3o tomaria como empres\u00e1rio. Para ele,\u00a0<strong>o conceito de\u00a0<a title=\"Qual o papel da lideran\u00e7a na produtividade?\" href=\"https:\/\/masterway.net\/qual-o-papel-da-lideranca-na-produtividade\/\" target=\"_blank\" rel=\"noopener\">lideran\u00e7a\u00a0<\/a>evoluiu<\/strong>, e hoje n\u00e3o existem patr\u00f5es, mas sim refer\u00eancias, sendo essencial trabalhar para se tornar uma.<\/p>\n<p>No epis\u00f3dio, Fernando Amaral refor\u00e7a ainda que\u00a0<strong>liderar implica equilibrar diferentes ritmos dentro da equipa<\/strong>, comparando a din\u00e2mica empresarial a uma estrada onde alguns seguem em alta velocidade, outros preferem um ritmo mais moderado e alguns caminham a p\u00e9.<\/p>\n<p>Ou\u00e7a a entrevista completa e conhe\u00e7a mais sobre o percurso de Fernando Amaral e a sua vis\u00e3o sobre gest\u00e3o e inova\u00e7\u00e3o aqui<a>:<\/a><\/p>\n<\/div>\n<p>[\/vc_column_text][\/vc_column][\/vc_row][vc_row kd_background_image_position=&#8221;vc_row-bg-position-top&#8221;][vc_column][vc_btn title=&#8221;Ouve a entrevista completa aqui&#8221; link=&#8221;url:https%3A%2F%2Fopen.spotify.com%2Fepisode%2F4xZlYjnzdM9o1c8tIXhA5o%3Fsi%3DLgF9KH5UTzyVaMqpdHuTcQ|target:_blank&#8221;][\/vc_column][\/vc_row]<\/p>\n","protected":false},"excerpt":{"rendered":"<p>O presidente do Grupo Sendys, Fernando Amaral, foi o convidado do mais recente epis\u00f3dio do podcast &#8220;O CEO \u00e9 o limite&#8221;, do jornal Expresso. Durante a entrevista conduzida pela jornalista C\u00e1tia Mateus, partilhou a sua vis\u00e3o sobre lideran\u00e7a, gest\u00e3o e o seu percurso profissional<\/p>\n","protected":false},"author":3,"featured_media":14971,"comment_status":"closed","ping_status":"open","sticky":false,"template":"","format":"standard","meta":{"footnotes":""},"categories":[75],"tags":[174,86],"class_list":["post-14975","post","type-post","status-publish","format-standard","has-post-thumbnail","hentry","category-noticias-ao","tag-lideranca-ao","tag-noticias-ao"],"yoast_head":"<!-- This site is optimized with the Yoast SEO plugin v27.3 - https:\/\/yoast.com\/product\/yoast-seo-wordpress\/ -->\n<title>Fernando Amaral, presidente do Grupo Sendys: \u201cHoje n\u00e3o h\u00e1 patr\u00f5es, h\u00e1 refer\u00eancias e temos de trabalhar para ser uma refer\u00eancia\u201d - Masterway<\/title>\n<meta name=\"description\" content=\"No podcast &quot;O CEO \u00e9 o limite&quot;, Chairman Sendys Group, CEO Alidata e Sendys partilhou a sua vis\u00e3o sobre lideran\u00e7a gest\u00e3o.\" \/>\n<meta name=\"robots\" content=\"index, follow, max-snippet:-1, max-image-preview:large, max-video-preview:-1\" \/>\n<link rel=\"canonical\" href=\"https:\/\/masterway.net\/ao\/fernando-amaral-presidente-do-grupo-sendys-hoje-nao-ha-patroes-ha-referencias-e-temos-de-trabalhar-para-ser-uma-referencia\/\" \/>\n<meta property=\"og:locale\" content=\"en_US\" \/>\n<meta property=\"og:type\" content=\"article\" \/>\n<meta property=\"og:title\" content=\"Fernando Amaral, presidente do Grupo Sendys: \u201cHoje n\u00e3o h\u00e1 patr\u00f5es, h\u00e1 refer\u00eancias e temos de trabalhar para ser uma refer\u00eancia\u201d - Masterway\" \/>\n<meta property=\"og:description\" content=\"No podcast &quot;O CEO \u00e9 o limite&quot;, Chairman Sendys Group, CEO Alidata e Sendys partilhou a sua vis\u00e3o sobre lideran\u00e7a gest\u00e3o.\" \/>\n<meta property=\"og:url\" content=\"https:\/\/masterway.net\/ao\/fernando-amaral-presidente-do-grupo-sendys-hoje-nao-ha-patroes-ha-referencias-e-temos-de-trabalhar-para-ser-uma-referencia\/\" \/>\n<meta property=\"og:site_name\" content=\"Masterway\" \/>\n<meta property=\"article:publisher\" content=\"https:\/\/www.facebook.com\/masterwaysoftware\" \/>\n<meta property=\"article:published_time\" content=\"2025-02-24T17:54:43+00:00\" \/>\n<meta property=\"article:modified_time\" content=\"2025-02-25T14:59:27+00:00\" \/>\n<meta property=\"og:image\" content=\"https:\/\/masterway.net\/wp-content\/uploads\/2025\/02\/Screenshot-2025-02-24-180838.png\" \/>\n\t<meta property=\"og:image:width\" content=\"1097\" \/>\n\t<meta property=\"og:image:height\" content=\"647\" \/>\n\t<meta property=\"og:image:type\" content=\"image\/png\" \/>\n<meta name=\"author\" content=\"In\u00eas Galinha\" \/>\n<meta name=\"twitter:card\" content=\"summary_large_image\" \/>\n<meta name=\"twitter:label1\" content=\"Written by\" \/>\n\t<meta name=\"twitter:data1\" content=\"In\u00eas Galinha\" \/>\n\t<meta name=\"twitter:label2\" content=\"Est. reading time\" \/>\n\t<meta name=\"twitter:data2\" content=\"3 minutes\" \/>\n<script type=\"application\/ld+json\" class=\"yoast-schema-graph\">{\"@context\":\"https:\\\/\\\/schema.org\",\"@graph\":[{\"@type\":\"Article\",\"@id\":\"https:\\\/\\\/masterway.net\\\/ao\\\/fernando-amaral-presidente-do-grupo-sendys-hoje-nao-ha-patroes-ha-referencias-e-temos-de-trabalhar-para-ser-uma-referencia\\\/#article\",\"isPartOf\":{\"@id\":\"https:\\\/\\\/masterway.net\\\/ao\\\/fernando-amaral-presidente-do-grupo-sendys-hoje-nao-ha-patroes-ha-referencias-e-temos-de-trabalhar-para-ser-uma-referencia\\\/\"},\"author\":{\"name\":\"In\u00eas Galinha\",\"@id\":\"https:\\\/\\\/masterway.net\\\/ao\\\/#\\\/schema\\\/person\\\/6055e2c16bed15e14caa74350c9b3d24\"},\"headline\":\"Fernando Amaral, presidente do Grupo Sendys: \u201cHoje n\u00e3o h\u00e1 patr\u00f5es, h\u00e1 refer\u00eancias e temos de trabalhar para ser uma refer\u00eancia\u201d\",\"datePublished\":\"2025-02-24T17:54:43+00:00\",\"dateModified\":\"2025-02-25T14:59:27+00:00\",\"mainEntityOfPage\":{\"@id\":\"https:\\\/\\\/masterway.net\\\/ao\\\/fernando-amaral-presidente-do-grupo-sendys-hoje-nao-ha-patroes-ha-referencias-e-temos-de-trabalhar-para-ser-uma-referencia\\\/\"},\"wordCount\":491,\"publisher\":{\"@id\":\"https:\\\/\\\/masterway.net\\\/ao\\\/#organization\"},\"image\":{\"@id\":\"https:\\\/\\\/masterway.net\\\/ao\\\/fernando-amaral-presidente-do-grupo-sendys-hoje-nao-ha-patroes-ha-referencias-e-temos-de-trabalhar-para-ser-uma-referencia\\\/#primaryimage\"},\"thumbnailUrl\":\"https:\\\/\\\/masterway.net\\\/wp-content\\\/uploads\\\/2025\\\/02\\\/Screenshot-2025-02-24-180838.png\",\"keywords\":[\"lideran\u00e7a\",\"Not\u00edcias\"],\"articleSection\":[\"Not\u00edcias\"],\"inLanguage\":\"AO\"},{\"@type\":\"WebPage\",\"@id\":\"https:\\\/\\\/masterway.net\\\/ao\\\/fernando-amaral-presidente-do-grupo-sendys-hoje-nao-ha-patroes-ha-referencias-e-temos-de-trabalhar-para-ser-uma-referencia\\\/\",\"url\":\"https:\\\/\\\/masterway.net\\\/ao\\\/fernando-amaral-presidente-do-grupo-sendys-hoje-nao-ha-patroes-ha-referencias-e-temos-de-trabalhar-para-ser-uma-referencia\\\/\",\"name\":\"Fernando Amaral, presidente do Grupo Sendys: \u201cHoje n\u00e3o h\u00e1 patr\u00f5es, h\u00e1 refer\u00eancias e temos de trabalhar para ser uma refer\u00eancia\u201d - Masterway\",\"isPartOf\":{\"@id\":\"https:\\\/\\\/masterway.net\\\/ao\\\/#website\"},\"primaryImageOfPage\":{\"@id\":\"https:\\\/\\\/masterway.net\\\/ao\\\/fernando-amaral-presidente-do-grupo-sendys-hoje-nao-ha-patroes-ha-referencias-e-temos-de-trabalhar-para-ser-uma-referencia\\\/#primaryimage\"},\"image\":{\"@id\":\"https:\\\/\\\/masterway.net\\\/ao\\\/fernando-amaral-presidente-do-grupo-sendys-hoje-nao-ha-patroes-ha-referencias-e-temos-de-trabalhar-para-ser-uma-referencia\\\/#primaryimage\"},\"thumbnailUrl\":\"https:\\\/\\\/masterway.net\\\/wp-content\\\/uploads\\\/2025\\\/02\\\/Screenshot-2025-02-24-180838.png\",\"datePublished\":\"2025-02-24T17:54:43+00:00\",\"dateModified\":\"2025-02-25T14:59:27+00:00\",\"description\":\"No podcast \\\"O CEO \u00e9 o limite\\\", Chairman Sendys Group, CEO Alidata e Sendys partilhou a sua vis\u00e3o sobre lideran\u00e7a gest\u00e3o.\",\"breadcrumb\":{\"@id\":\"https:\\\/\\\/masterway.net\\\/ao\\\/fernando-amaral-presidente-do-grupo-sendys-hoje-nao-ha-patroes-ha-referencias-e-temos-de-trabalhar-para-ser-uma-referencia\\\/#breadcrumb\"},\"inLanguage\":\"AO\",\"potentialAction\":[{\"@type\":\"ReadAction\",\"target\":[\"https:\\\/\\\/masterway.net\\\/ao\\\/fernando-amaral-presidente-do-grupo-sendys-hoje-nao-ha-patroes-ha-referencias-e-temos-de-trabalhar-para-ser-uma-referencia\\\/\"]}]},{\"@type\":\"ImageObject\",\"inLanguage\":\"AO\",\"@id\":\"https:\\\/\\\/masterway.net\\\/ao\\\/fernando-amaral-presidente-do-grupo-sendys-hoje-nao-ha-patroes-ha-referencias-e-temos-de-trabalhar-para-ser-uma-referencia\\\/#primaryimage\",\"url\":\"https:\\\/\\\/masterway.net\\\/wp-content\\\/uploads\\\/2025\\\/02\\\/Screenshot-2025-02-24-180838.png\",\"contentUrl\":\"https:\\\/\\\/masterway.net\\\/wp-content\\\/uploads\\\/2025\\\/02\\\/Screenshot-2025-02-24-180838.png\",\"width\":1097,\"height\":647},{\"@type\":\"BreadcrumbList\",\"@id\":\"https:\\\/\\\/masterway.net\\\/ao\\\/fernando-amaral-presidente-do-grupo-sendys-hoje-nao-ha-patroes-ha-referencias-e-temos-de-trabalhar-para-ser-uma-referencia\\\/#breadcrumb\",\"itemListElement\":[{\"@type\":\"ListItem\",\"position\":1,\"name\":\"In\u00edcio\",\"item\":\"https:\\\/\\\/masterway.net\\\/ao\\\/\"},{\"@type\":\"ListItem\",\"position\":2,\"name\":\"Fernando Amaral, presidente do Grupo Sendys: \u201cHoje n\u00e3o h\u00e1 patr\u00f5es, h\u00e1 refer\u00eancias e temos de trabalhar para ser uma refer\u00eancia\u201d\"}]},{\"@type\":\"WebSite\",\"@id\":\"https:\\\/\\\/masterway.net\\\/ao\\\/#website\",\"url\":\"https:\\\/\\\/masterway.net\\\/ao\\\/\",\"name\":\"Masterway\",\"description\":\"\",\"publisher\":{\"@id\":\"https:\\\/\\\/masterway.net\\\/ao\\\/#organization\"},\"potentialAction\":[{\"@type\":\"SearchAction\",\"target\":{\"@type\":\"EntryPoint\",\"urlTemplate\":\"https:\\\/\\\/masterway.net\\\/ao\\\/?s={search_term_string}\"},\"query-input\":{\"@type\":\"PropertyValueSpecification\",\"valueRequired\":true,\"valueName\":\"search_term_string\"}}],\"inLanguage\":\"AO\"},{\"@type\":\"Organization\",\"@id\":\"https:\\\/\\\/masterway.net\\\/ao\\\/#organization\",\"name\":\"Masterway\",\"url\":\"https:\\\/\\\/masterway.net\\\/ao\\\/\",\"logo\":{\"@type\":\"ImageObject\",\"inLanguage\":\"AO\",\"@id\":\"https:\\\/\\\/masterway.net\\\/ao\\\/#\\\/schema\\\/logo\\\/image\\\/\",\"url\":\"https:\\\/\\\/masterway.net\\\/wp-content\\\/uploads\\\/2024\\\/02\\\/masterway-logo-color.svg\",\"contentUrl\":\"https:\\\/\\\/masterway.net\\\/wp-content\\\/uploads\\\/2024\\\/02\\\/masterway-logo-color.svg\",\"width\":1,\"height\":1,\"caption\":\"Masterway\"},\"image\":{\"@id\":\"https:\\\/\\\/masterway.net\\\/ao\\\/#\\\/schema\\\/logo\\\/image\\\/\"},\"sameAs\":[\"https:\\\/\\\/www.facebook.com\\\/masterwaysoftware\"]},{\"@type\":\"Person\",\"@id\":\"https:\\\/\\\/masterway.net\\\/ao\\\/#\\\/schema\\\/person\\\/6055e2c16bed15e14caa74350c9b3d24\",\"name\":\"In\u00eas Galinha\",\"image\":{\"@type\":\"ImageObject\",\"inLanguage\":\"AO\",\"@id\":\"https:\\\/\\\/secure.gravatar.com\\\/avatar\\\/4bcc76ae0e4dadb9591e0ab4c3941207212464b7bd99e13191d79854ce489880?s=96&d=mm&r=g\",\"url\":\"https:\\\/\\\/secure.gravatar.com\\\/avatar\\\/4bcc76ae0e4dadb9591e0ab4c3941207212464b7bd99e13191d79854ce489880?s=96&d=mm&r=g\",\"contentUrl\":\"https:\\\/\\\/secure.gravatar.com\\\/avatar\\\/4bcc76ae0e4dadb9591e0ab4c3941207212464b7bd99e13191d79854ce489880?s=96&d=mm&r=g\",\"caption\":\"In\u00eas Galinha\"},\"url\":\"https:\\\/\\\/masterway.net\\\/ao\\\/author\\\/ines-galinhasendys-pt\\\/\"}]}<\/script>\n<!-- \/ Yoast SEO plugin. -->","yoast_head_json":{"title":"Fernando Amaral, presidente do Grupo Sendys: \u201cHoje n\u00e3o h\u00e1 patr\u00f5es, h\u00e1 refer\u00eancias e temos de trabalhar para ser uma refer\u00eancia\u201d - Masterway","description":"No podcast \"O CEO \u00e9 o limite\", Chairman Sendys Group, CEO Alidata e Sendys partilhou a sua vis\u00e3o sobre lideran\u00e7a gest\u00e3o.","robots":{"index":"index","follow":"follow","max-snippet":"max-snippet:-1","max-image-preview":"max-image-preview:large","max-video-preview":"max-video-preview:-1"},"canonical":"https:\/\/masterway.net\/ao\/fernando-amaral-presidente-do-grupo-sendys-hoje-nao-ha-patroes-ha-referencias-e-temos-de-trabalhar-para-ser-uma-referencia\/","og_locale":"en_US","og_type":"article","og_title":"Fernando Amaral, presidente do Grupo Sendys: \u201cHoje n\u00e3o h\u00e1 patr\u00f5es, h\u00e1 refer\u00eancias e temos de trabalhar para ser uma refer\u00eancia\u201d - Masterway","og_description":"No podcast \"O CEO \u00e9 o limite\", Chairman Sendys Group, CEO Alidata e Sendys partilhou a sua vis\u00e3o sobre lideran\u00e7a gest\u00e3o.","og_url":"https:\/\/masterway.net\/ao\/fernando-amaral-presidente-do-grupo-sendys-hoje-nao-ha-patroes-ha-referencias-e-temos-de-trabalhar-para-ser-uma-referencia\/","og_site_name":"Masterway","article_publisher":"https:\/\/www.facebook.com\/masterwaysoftware","article_published_time":"2025-02-24T17:54:43+00:00","article_modified_time":"2025-02-25T14:59:27+00:00","og_image":[{"width":1097,"height":647,"url":"https:\/\/masterway.net\/wp-content\/uploads\/2025\/02\/Screenshot-2025-02-24-180838.png","type":"image\/png"}],"author":"In\u00eas Galinha","twitter_card":"summary_large_image","twitter_misc":{"Written by":"In\u00eas Galinha","Est. reading time":"3 minutes"},"schema":{"@context":"https:\/\/schema.org","@graph":[{"@type":"Article","@id":"https:\/\/masterway.net\/ao\/fernando-amaral-presidente-do-grupo-sendys-hoje-nao-ha-patroes-ha-referencias-e-temos-de-trabalhar-para-ser-uma-referencia\/#article","isPartOf":{"@id":"https:\/\/masterway.net\/ao\/fernando-amaral-presidente-do-grupo-sendys-hoje-nao-ha-patroes-ha-referencias-e-temos-de-trabalhar-para-ser-uma-referencia\/"},"author":{"name":"In\u00eas Galinha","@id":"https:\/\/masterway.net\/ao\/#\/schema\/person\/6055e2c16bed15e14caa74350c9b3d24"},"headline":"Fernando Amaral, presidente do Grupo Sendys: \u201cHoje n\u00e3o h\u00e1 patr\u00f5es, h\u00e1 refer\u00eancias e temos de trabalhar para ser uma refer\u00eancia\u201d","datePublished":"2025-02-24T17:54:43+00:00","dateModified":"2025-02-25T14:59:27+00:00","mainEntityOfPage":{"@id":"https:\/\/masterway.net\/ao\/fernando-amaral-presidente-do-grupo-sendys-hoje-nao-ha-patroes-ha-referencias-e-temos-de-trabalhar-para-ser-uma-referencia\/"},"wordCount":491,"publisher":{"@id":"https:\/\/masterway.net\/ao\/#organization"},"image":{"@id":"https:\/\/masterway.net\/ao\/fernando-amaral-presidente-do-grupo-sendys-hoje-nao-ha-patroes-ha-referencias-e-temos-de-trabalhar-para-ser-uma-referencia\/#primaryimage"},"thumbnailUrl":"https:\/\/masterway.net\/wp-content\/uploads\/2025\/02\/Screenshot-2025-02-24-180838.png","keywords":["lideran\u00e7a","Not\u00edcias"],"articleSection":["Not\u00edcias"],"inLanguage":"AO"},{"@type":"WebPage","@id":"https:\/\/masterway.net\/ao\/fernando-amaral-presidente-do-grupo-sendys-hoje-nao-ha-patroes-ha-referencias-e-temos-de-trabalhar-para-ser-uma-referencia\/","url":"https:\/\/masterway.net\/ao\/fernando-amaral-presidente-do-grupo-sendys-hoje-nao-ha-patroes-ha-referencias-e-temos-de-trabalhar-para-ser-uma-referencia\/","name":"Fernando Amaral, presidente do Grupo Sendys: \u201cHoje n\u00e3o h\u00e1 patr\u00f5es, h\u00e1 refer\u00eancias e temos de trabalhar para ser uma refer\u00eancia\u201d - Masterway","isPartOf":{"@id":"https:\/\/masterway.net\/ao\/#website"},"primaryImageOfPage":{"@id":"https:\/\/masterway.net\/ao\/fernando-amaral-presidente-do-grupo-sendys-hoje-nao-ha-patroes-ha-referencias-e-temos-de-trabalhar-para-ser-uma-referencia\/#primaryimage"},"image":{"@id":"https:\/\/masterway.net\/ao\/fernando-amaral-presidente-do-grupo-sendys-hoje-nao-ha-patroes-ha-referencias-e-temos-de-trabalhar-para-ser-uma-referencia\/#primaryimage"},"thumbnailUrl":"https:\/\/masterway.net\/wp-content\/uploads\/2025\/02\/Screenshot-2025-02-24-180838.png","datePublished":"2025-02-24T17:54:43+00:00","dateModified":"2025-02-25T14:59:27+00:00","description":"No podcast \"O CEO \u00e9 o limite\", Chairman Sendys Group, CEO Alidata e Sendys partilhou a sua vis\u00e3o sobre lideran\u00e7a gest\u00e3o.","breadcrumb":{"@id":"https:\/\/masterway.net\/ao\/fernando-amaral-presidente-do-grupo-sendys-hoje-nao-ha-patroes-ha-referencias-e-temos-de-trabalhar-para-ser-uma-referencia\/#breadcrumb"},"inLanguage":"AO","potentialAction":[{"@type":"ReadAction","target":["https:\/\/masterway.net\/ao\/fernando-amaral-presidente-do-grupo-sendys-hoje-nao-ha-patroes-ha-referencias-e-temos-de-trabalhar-para-ser-uma-referencia\/"]}]},{"@type":"ImageObject","inLanguage":"AO","@id":"https:\/\/masterway.net\/ao\/fernando-amaral-presidente-do-grupo-sendys-hoje-nao-ha-patroes-ha-referencias-e-temos-de-trabalhar-para-ser-uma-referencia\/#primaryimage","url":"https:\/\/masterway.net\/wp-content\/uploads\/2025\/02\/Screenshot-2025-02-24-180838.png","contentUrl":"https:\/\/masterway.net\/wp-content\/uploads\/2025\/02\/Screenshot-2025-02-24-180838.png","width":1097,"height":647},{"@type":"BreadcrumbList","@id":"https:\/\/masterway.net\/ao\/fernando-amaral-presidente-do-grupo-sendys-hoje-nao-ha-patroes-ha-referencias-e-temos-de-trabalhar-para-ser-uma-referencia\/#breadcrumb","itemListElement":[{"@type":"ListItem","position":1,"name":"In\u00edcio","item":"https:\/\/masterway.net\/ao\/"},{"@type":"ListItem","position":2,"name":"Fernando Amaral, presidente do Grupo Sendys: \u201cHoje n\u00e3o h\u00e1 patr\u00f5es, h\u00e1 refer\u00eancias e temos de trabalhar para ser uma refer\u00eancia\u201d"}]},{"@type":"WebSite","@id":"https:\/\/masterway.net\/ao\/#website","url":"https:\/\/masterway.net\/ao\/","name":"Masterway","description":"","publisher":{"@id":"https:\/\/masterway.net\/ao\/#organization"},"potentialAction":[{"@type":"SearchAction","target":{"@type":"EntryPoint","urlTemplate":"https:\/\/masterway.net\/ao\/?s={search_term_string}"},"query-input":{"@type":"PropertyValueSpecification","valueRequired":true,"valueName":"search_term_string"}}],"inLanguage":"AO"},{"@type":"Organization","@id":"https:\/\/masterway.net\/ao\/#organization","name":"Masterway","url":"https:\/\/masterway.net\/ao\/","logo":{"@type":"ImageObject","inLanguage":"AO","@id":"https:\/\/masterway.net\/ao\/#\/schema\/logo\/image\/","url":"https:\/\/masterway.net\/wp-content\/uploads\/2024\/02\/masterway-logo-color.svg","contentUrl":"https:\/\/masterway.net\/wp-content\/uploads\/2024\/02\/masterway-logo-color.svg","width":1,"height":1,"caption":"Masterway"},"image":{"@id":"https:\/\/masterway.net\/ao\/#\/schema\/logo\/image\/"},"sameAs":["https:\/\/www.facebook.com\/masterwaysoftware"]},{"@type":"Person","@id":"https:\/\/masterway.net\/ao\/#\/schema\/person\/6055e2c16bed15e14caa74350c9b3d24","name":"In\u00eas Galinha","image":{"@type":"ImageObject","inLanguage":"AO","@id":"https:\/\/secure.gravatar.com\/avatar\/4bcc76ae0e4dadb9591e0ab4c3941207212464b7bd99e13191d79854ce489880?s=96&d=mm&r=g","url":"https:\/\/secure.gravatar.com\/avatar\/4bcc76ae0e4dadb9591e0ab4c3941207212464b7bd99e13191d79854ce489880?s=96&d=mm&r=g","contentUrl":"https:\/\/secure.gravatar.com\/avatar\/4bcc76ae0e4dadb9591e0ab4c3941207212464b7bd99e13191d79854ce489880?s=96&d=mm&r=g","caption":"In\u00eas Galinha"},"url":"https:\/\/masterway.net\/ao\/author\/ines-galinhasendys-pt\/"}]}},"_links":{"self":[{"href":"https:\/\/masterway.net\/ao\/wp-json\/wp\/v2\/posts\/14975","targetHints":{"allow":["GET"]}}],"collection":[{"href":"https:\/\/masterway.net\/ao\/wp-json\/wp\/v2\/posts"}],"about":[{"href":"https:\/\/masterway.net\/ao\/wp-json\/wp\/v2\/types\/post"}],"author":[{"embeddable":true,"href":"https:\/\/masterway.net\/ao\/wp-json\/wp\/v2\/users\/3"}],"replies":[{"embeddable":true,"href":"https:\/\/masterway.net\/ao\/wp-json\/wp\/v2\/comments?post=14975"}],"version-history":[{"count":7,"href":"https:\/\/masterway.net\/ao\/wp-json\/wp\/v2\/posts\/14975\/revisions"}],"predecessor-version":[{"id":14999,"href":"https:\/\/masterway.net\/ao\/wp-json\/wp\/v2\/posts\/14975\/revisions\/14999"}],"wp:featuredmedia":[{"embeddable":true,"href":"https:\/\/masterway.net\/ao\/wp-json\/wp\/v2\/media\/14971"}],"wp:attachment":[{"href":"https:\/\/masterway.net\/ao\/wp-json\/wp\/v2\/media?parent=14975"}],"wp:term":[{"taxonomy":"category","embeddable":true,"href":"https:\/\/masterway.net\/ao\/wp-json\/wp\/v2\/categories?post=14975"},{"taxonomy":"post_tag","embeddable":true,"href":"https:\/\/masterway.net\/ao\/wp-json\/wp\/v2\/tags?post=14975"}],"curies":[{"name":"wp","href":"https:\/\/api.w.org\/{rel}","templated":true}]}}