{"id":12737,"date":"2019-04-03T15:24:13","date_gmt":"2019-04-03T15:24:13","guid":{"rendered":"https:\/\/masterway.net\/vantagens-da-cloud-para-empreendedores-e-nao-so\/"},"modified":"2024-11-12T12:13:48","modified_gmt":"2024-11-12T12:13:48","slug":"vantagens-da-cloud-para-empreendedores-e-nao-so","status":"publish","type":"post","link":"https:\/\/masterway.net\/ao\/vantagens-da-cloud-para-empreendedores-e-nao-so\/","title":{"rendered":"Vantagens da cloud para empreendedores (e n\u00e3o s\u00f3!)"},"content":{"rendered":"<p>[vc_row kd_background_image_position=&#8221;vc_row-bg-position-top&#8221;][vc_column][vc_custom_heading text=&#8221;Empreendedor.com&#8221; use_theme_fonts=&#8221;yes&#8221; link=&#8221;url:https%3A%2F%2Fwww.empreendedor.com|target:_blank&#8221;][vc_column_text]<\/p>\n<div style=\"text-align: justify;\">\n<p><strong>Millennial<\/strong>. \u00c9 esta a gera\u00e7\u00e3o \u00e0 qual pertence a esmagadora maioria dos empreendedores que hoje abrem pequenos neg\u00f3cios e criam startups. E isso diz-nos tudo sobre a forma como os seus fornecedores se t\u00eam de posicionar para continuarem a ser considerados por esta gera\u00e7\u00e3o que \u00e9, porventura, a mais bem formada, exigente e peculiar de sempre.<\/p>\n<p>S\u00e3o eles que, antes de qualquer decis\u00e3o, estudam o mercado, comparam pre\u00e7os, consomem de forma racional, evitam o cr\u00e9dito e, acima de tudo, preferem partilhar ou alugar, em vez de possuir. N\u00e3o podemos ignorar ainda o facto de terem crescido com a internet, numa era globalizada, de mobilidade e sem fronteiras.<\/p>\n<p>Esta breve carateriza\u00e7\u00e3o da \u2018generation me\u2019, como tamb\u00e9m \u00e9 conhecida, associada ao acelerado desenvolvimento tecnol\u00f3gico, obriga hoje as empresas de tecnologias de informa\u00e7\u00e3o a oferecerem solu\u00e7\u00f5es muito diversas das j\u00e1 distantes cadeias produtor-distribuidor-implementador. Estas, s\u00e3o hoje arcaicas, como o previ h\u00e1 j\u00e1 mais de d\u00e9cada e meia.<\/p>\n<p>Mais do que pensarmos em futuro, \u00e9 na cloud (ou nuvem, se preferirem) que j\u00e1 reside o presente das solu\u00e7\u00f5es tecnol\u00f3gicas para PME e startups, nomeadamente solu\u00e7\u00f5es de software de gest\u00e3o. Se at\u00e9 h\u00e1 pouco tempo a oferta ficava por uma simples solu\u00e7\u00e3o de fatura\u00e7\u00e3o, hoje \u00e9 bem mais robusta, e j\u00e1 existem aut\u00eanticos ERP dispon\u00edveis na cloud, muitos deles com o licenciamento do software como um servi\u00e7o (SaaS).<\/p>\n<p>Os servi\u00e7os na cloud s\u00e3o especialmente indicados para empresas que n\u00e3o t\u00eam um departamento de TI espec\u00edfico, como \u00e9 o caso da maioria das startups. O investimento na cloud \u00e9 uma forma simples e eficaz de garantir os servi\u00e7os em funcionamento com alta performance, agilidade e flexibilidade. Mas s\u00e3o ainda muitos os empres\u00e1rios que n\u00e3o conhecem verdadeiramente como funcionam os servi\u00e7os cloud e quais as suas vantagens, apesar de se notar a sua preocupa\u00e7\u00e3o na procura por uma infraestrutura de TI mais eficiente, de baixo custo e que permita um ambiente mais produtivo.<\/p><\/div>\n<p>[\/vc_column_text][vc_empty_space height=&#8221;20px&#8221;][vc_column_text]<\/p>\n<div style=\"text-align: justify;\">\n<p>Se a simplicidade, efici\u00eancia, disponibilidade imediata, escalabilidade, baixo pre\u00e7o e o facto de possibilitar a experimenta\u00e7\u00e3o sem compromisso seduzem os empreendedores, h\u00e1 outros fatores de peso que tornam aliciante a cloud como solu\u00e7\u00e3o para startups (e n\u00e3o s\u00f3!). Para este artigo reuni seis que me parecem essenciais.<\/p>\n<h5><span style=\"color: #797979;\">ECONOMIA:<\/span><\/h5>\n<p>Backup e redund\u00e2ncia da informa\u00e7\u00e3o s\u00e3o assegurados pelo prestador do servi\u00e7o cloud que monitoriza constantemente os acessos, prevenindo algum poss\u00edvel ataque \u00e0 informa\u00e7\u00e3o da empresa. Acabaram-se as licen\u00e7as de onerosos e complexos sistemas de seguran\u00e7a e a contrata\u00e7\u00e3o de especialistas nesta mat\u00e9ria.<\/p>\n<h5><span style=\"color: #797979;\">FOCO:<\/span><\/h5>\n<p>Atrav\u00e9s de solu\u00e7\u00f5es cloud, equipa de gest\u00e3o e colaboradores da startup podem focar-se no que mais importa: a melhoria da experi\u00eancia do utilizador e o crescimento do neg\u00f3cio. Acabaram-se os tempos de preocupa\u00e7\u00e3o com a estabilidade do sistema tecnol\u00f3gico, hoje, a base essencial da esmagadora maioria das startups.<\/p>\n<h5><span style=\"color: #797979;\">VELOCIDADE:<\/span><\/h5>\n<p>A diferen\u00e7a entre identificar a solu\u00e7\u00e3o mais adequada e a sua implementa\u00e7\u00e3o podem ser os breves minutos que demora a configura\u00e7\u00e3o inicial. E essa \u00e9 a velocidade do sucesso de qualquer startup ou novo neg\u00f3cio, bem como est\u00e1 plenamente alinhada com o mindset imediatista dos empreendedores millennial.<\/p>\n<h5><span style=\"color: #797979;\">ESCALABILIDADE E COSTUMIZA\u00c7\u00c3O:<\/span><\/h5>\n<p>Independentemente da velocidade de crescimento do neg\u00f3cio, um servi\u00e7o cloud \u00e9 incrementado \u00e0 velocidade das necessidades da empresa, permitindo escalar e customizar os servi\u00e7os em fun\u00e7\u00e3o desse crescimento. Flexibilidade \u00e9 a palavra de ordem para empresas que est\u00e3o num ritmo exponencial de crescimento.<\/p>\n<h5><span style=\"color: #797979;\">SEGURAN\u00c7A:<\/span><\/h5>\n<p>Backup e redund\u00e2ncia da informa\u00e7\u00e3o s\u00e3o assegurados pelo prestador do servi\u00e7o cloud que monitoriza constantemente os acessos, prevenindo algum poss\u00edvel ataque \u00e0 informa\u00e7\u00e3o da empresa. Acabaram-se as licen\u00e7as de onerosos e complexos sistemas de seguran\u00e7a e a contrata\u00e7\u00e3o de especialistas nesta mat\u00e9ria.<\/p>\n<h5><span style=\"color: #797979;\">MOBILIDADE:<\/span><\/h5>\n<p>Qualquer aplica\u00e7\u00e3o cloud est\u00e1 preparada para os maiores desafios. Disponibilizar acesso e possibilidade de partilha da informa\u00e7\u00e3o detalhada da empresa de forma segura em qualquer local, a qualquer hora e em qualquer dispositivo, desde que tenha acesso \u00e0 internet, \u00e9 uma vantagem inquestion\u00e1vel nos dias que correm.<\/p>\n<p>Poderia enumerar mais argumentos. Muitos poderiam pensar tratar-se de argumentos de venda de servi\u00e7os cloud. Na verdade n\u00e3o o s\u00e3o. S\u00e3o apenas exig\u00eancias que os novos empreendedores (millennials e n\u00e3o s\u00f3) n\u00e3o dispensam no momento de contratar tecnologias de informa\u00e7\u00e3o.<\/p>\n<p><strong>Fernando Amaral<\/strong> \u00e9 Presidente e CEO do Grupo Sendys, detentor das empresas SENDYS, ALIDATA, LABSEAL, MARCA CRIATIVA, MASTERSTRATEGY, SEAL ANGOLA, SEAL MOZ e SORT.<\/p>\n<p>Com in\u00fameros investimentos na internacionaliza\u00e7\u00e3o das suas empresas e marcas, presente sem mais de 20 pa\u00edses, desde PALOP, EMEA, Emirados \u00c1rabes Unidos, Am\u00e9rica Latina, Estados Unidos da Am\u00e9rica, entre outros. Com mais de 20 anos de experi\u00eancia em Software de Gest\u00e3o, Fernando Amaral possui ainda experi\u00eancia em Consultoria, com especial destaque para os sectores Financeiro, Administra\u00e7\u00e3o P\u00fablica, Ind\u00fastria Transformadora, Distribui\u00e7\u00e3o, Servi\u00e7os e Constru\u00e7\u00e3o. Nestas \u00e1reas tem desenvolvido os mais variados temas, incluindo a defini\u00e7\u00e3o e implementa\u00e7\u00e3o, redesenho de processos e desenho organizacional.<\/p><\/div>\n<p>[\/vc_column_text][vc_btn title=&#8221;Ler PDF&#8221; link=&#8221;url:%2Fwp-content%2Fuploads%2F2024%2F11%2Fdoit-122020.pdf|target:_blank&#8221;][\/vc_column][\/vc_row]<\/p>\n","protected":false},"excerpt":{"rendered":"<p>Millennial. \u00c9 esta a gera\u00e7\u00e3o \u00e0 qual pertence a esmagadora maioria dos empreendedores que hoje abrem pequenos neg\u00f3cios e criam startups.<\/p>\n","protected":false},"author":2,"featured_media":11535,"comment_status":"closed","ping_status":"open","sticky":false,"template":"","format":"standard","meta":{"footnotes":""},"categories":[75],"tags":[86],"class_list":["post-12737","post","type-post","status-publish","format-standard","has-post-thumbnail","hentry","category-noticias-ao","tag-noticias-ao"],"yoast_head":"<!-- This site is optimized with the Yoast SEO plugin v27.3 - https:\/\/yoast.com\/product\/yoast-seo-wordpress\/ -->\n<title>Vantagens da cloud para empreendedores (e n\u00e3o s\u00f3!) - Masterway<\/title>\n<meta name=\"robots\" content=\"index, follow, max-snippet:-1, max-image-preview:large, max-video-preview:-1\" \/>\n<link rel=\"canonical\" href=\"https:\/\/masterway.net\/ao\/vantagens-da-cloud-para-empreendedores-e-nao-so\/\" \/>\n<meta property=\"og:locale\" content=\"en_US\" \/>\n<meta property=\"og:type\" content=\"article\" \/>\n<meta property=\"og:title\" content=\"Vantagens da cloud para empreendedores (e n\u00e3o s\u00f3!) - Masterway\" \/>\n<meta property=\"og:description\" content=\"Millennial. \u00c9 esta a gera\u00e7\u00e3o \u00e0 qual pertence a esmagadora maioria dos empreendedores que hoje abrem pequenos neg\u00f3cios e criam startups.\" \/>\n<meta property=\"og:url\" content=\"https:\/\/masterway.net\/ao\/vantagens-da-cloud-para-empreendedores-e-nao-so\/\" \/>\n<meta property=\"og:site_name\" content=\"Masterway\" \/>\n<meta property=\"article:publisher\" content=\"https:\/\/www.facebook.com\/masterwaysoftware\" \/>\n<meta property=\"article:published_time\" content=\"2019-04-03T15:24:13+00:00\" \/>\n<meta property=\"article:modified_time\" content=\"2024-11-12T12:13:48+00:00\" \/>\n<meta property=\"og:image\" content=\"https:\/\/masterway.net\/wp-content\/uploads\/2024\/11\/fa-empreendedorismo-01.webp\" \/>\n\t<meta property=\"og:image:width\" content=\"1200\" \/>\n\t<meta property=\"og:image:height\" content=\"630\" \/>\n\t<meta property=\"og:image:type\" content=\"image\/webp\" \/>\n<meta name=\"author\" content=\"Rodrigo Silva\" \/>\n<meta name=\"twitter:card\" content=\"summary_large_image\" \/>\n<meta name=\"twitter:label1\" content=\"Written by\" \/>\n\t<meta name=\"twitter:data1\" content=\"Rodrigo Silva\" \/>\n\t<meta name=\"twitter:label2\" content=\"Est. reading time\" \/>\n\t<meta name=\"twitter:data2\" content=\"5 minutes\" \/>\n<script type=\"application\/ld+json\" class=\"yoast-schema-graph\">{\"@context\":\"https:\\\/\\\/schema.org\",\"@graph\":[{\"@type\":\"Article\",\"@id\":\"https:\\\/\\\/masterway.net\\\/ao\\\/vantagens-da-cloud-para-empreendedores-e-nao-so\\\/#article\",\"isPartOf\":{\"@id\":\"https:\\\/\\\/masterway.net\\\/ao\\\/vantagens-da-cloud-para-empreendedores-e-nao-so\\\/\"},\"author\":{\"name\":\"Rodrigo Silva\",\"@id\":\"https:\\\/\\\/masterway.net\\\/ao\\\/#\\\/schema\\\/person\\\/c25b2ee5f24a3648d0d6384dd89e3667\"},\"headline\":\"Vantagens da cloud para empreendedores (e n\u00e3o s\u00f3!)\",\"datePublished\":\"2019-04-03T15:24:13+00:00\",\"dateModified\":\"2024-11-12T12:13:48+00:00\",\"mainEntityOfPage\":{\"@id\":\"https:\\\/\\\/masterway.net\\\/ao\\\/vantagens-da-cloud-para-empreendedores-e-nao-so\\\/\"},\"wordCount\":949,\"publisher\":{\"@id\":\"https:\\\/\\\/masterway.net\\\/ao\\\/#organization\"},\"image\":{\"@id\":\"https:\\\/\\\/masterway.net\\\/ao\\\/vantagens-da-cloud-para-empreendedores-e-nao-so\\\/#primaryimage\"},\"thumbnailUrl\":\"https:\\\/\\\/masterway.net\\\/wp-content\\\/uploads\\\/2024\\\/11\\\/fa-empreendedorismo-01.webp\",\"keywords\":[\"Not\u00edcias\"],\"articleSection\":[\"Not\u00edcias\"],\"inLanguage\":\"AO\"},{\"@type\":\"WebPage\",\"@id\":\"https:\\\/\\\/masterway.net\\\/ao\\\/vantagens-da-cloud-para-empreendedores-e-nao-so\\\/\",\"url\":\"https:\\\/\\\/masterway.net\\\/ao\\\/vantagens-da-cloud-para-empreendedores-e-nao-so\\\/\",\"name\":\"Vantagens da cloud para empreendedores (e n\u00e3o s\u00f3!) - Masterway\",\"isPartOf\":{\"@id\":\"https:\\\/\\\/masterway.net\\\/ao\\\/#website\"},\"primaryImageOfPage\":{\"@id\":\"https:\\\/\\\/masterway.net\\\/ao\\\/vantagens-da-cloud-para-empreendedores-e-nao-so\\\/#primaryimage\"},\"image\":{\"@id\":\"https:\\\/\\\/masterway.net\\\/ao\\\/vantagens-da-cloud-para-empreendedores-e-nao-so\\\/#primaryimage\"},\"thumbnailUrl\":\"https:\\\/\\\/masterway.net\\\/wp-content\\\/uploads\\\/2024\\\/11\\\/fa-empreendedorismo-01.webp\",\"datePublished\":\"2019-04-03T15:24:13+00:00\",\"dateModified\":\"2024-11-12T12:13:48+00:00\",\"breadcrumb\":{\"@id\":\"https:\\\/\\\/masterway.net\\\/ao\\\/vantagens-da-cloud-para-empreendedores-e-nao-so\\\/#breadcrumb\"},\"inLanguage\":\"AO\",\"potentialAction\":[{\"@type\":\"ReadAction\",\"target\":[\"https:\\\/\\\/masterway.net\\\/ao\\\/vantagens-da-cloud-para-empreendedores-e-nao-so\\\/\"]}]},{\"@type\":\"ImageObject\",\"inLanguage\":\"AO\",\"@id\":\"https:\\\/\\\/masterway.net\\\/ao\\\/vantagens-da-cloud-para-empreendedores-e-nao-so\\\/#primaryimage\",\"url\":\"https:\\\/\\\/masterway.net\\\/wp-content\\\/uploads\\\/2024\\\/11\\\/fa-empreendedorismo-01.webp\",\"contentUrl\":\"https:\\\/\\\/masterway.net\\\/wp-content\\\/uploads\\\/2024\\\/11\\\/fa-empreendedorismo-01.webp\",\"width\":1200,\"height\":630},{\"@type\":\"BreadcrumbList\",\"@id\":\"https:\\\/\\\/masterway.net\\\/ao\\\/vantagens-da-cloud-para-empreendedores-e-nao-so\\\/#breadcrumb\",\"itemListElement\":[{\"@type\":\"ListItem\",\"position\":1,\"name\":\"In\u00edcio\",\"item\":\"https:\\\/\\\/masterway.net\\\/ao\\\/\"},{\"@type\":\"ListItem\",\"position\":2,\"name\":\"Vantagens da cloud para empreendedores (e n\u00e3o s\u00f3!)\"}]},{\"@type\":\"WebSite\",\"@id\":\"https:\\\/\\\/masterway.net\\\/ao\\\/#website\",\"url\":\"https:\\\/\\\/masterway.net\\\/ao\\\/\",\"name\":\"Masterway\",\"description\":\"\",\"publisher\":{\"@id\":\"https:\\\/\\\/masterway.net\\\/ao\\\/#organization\"},\"potentialAction\":[{\"@type\":\"SearchAction\",\"target\":{\"@type\":\"EntryPoint\",\"urlTemplate\":\"https:\\\/\\\/masterway.net\\\/ao\\\/?s={search_term_string}\"},\"query-input\":{\"@type\":\"PropertyValueSpecification\",\"valueRequired\":true,\"valueName\":\"search_term_string\"}}],\"inLanguage\":\"AO\"},{\"@type\":\"Organization\",\"@id\":\"https:\\\/\\\/masterway.net\\\/ao\\\/#organization\",\"name\":\"Masterway\",\"url\":\"https:\\\/\\\/masterway.net\\\/ao\\\/\",\"logo\":{\"@type\":\"ImageObject\",\"inLanguage\":\"AO\",\"@id\":\"https:\\\/\\\/masterway.net\\\/ao\\\/#\\\/schema\\\/logo\\\/image\\\/\",\"url\":\"https:\\\/\\\/masterway.net\\\/wp-content\\\/uploads\\\/2024\\\/02\\\/masterway-logo-color.svg\",\"contentUrl\":\"https:\\\/\\\/masterway.net\\\/wp-content\\\/uploads\\\/2024\\\/02\\\/masterway-logo-color.svg\",\"width\":1,\"height\":1,\"caption\":\"Masterway\"},\"image\":{\"@id\":\"https:\\\/\\\/masterway.net\\\/ao\\\/#\\\/schema\\\/logo\\\/image\\\/\"},\"sameAs\":[\"https:\\\/\\\/www.facebook.com\\\/masterwaysoftware\"]},{\"@type\":\"Person\",\"@id\":\"https:\\\/\\\/masterway.net\\\/ao\\\/#\\\/schema\\\/person\\\/c25b2ee5f24a3648d0d6384dd89e3667\",\"name\":\"Rodrigo Silva\",\"image\":{\"@type\":\"ImageObject\",\"inLanguage\":\"AO\",\"@id\":\"https:\\\/\\\/secure.gravatar.com\\\/avatar\\\/7c04aeccf2dc49fb8b85552b29989f044b4d86f94489f155d303539a17f5c074?s=96&d=mm&r=g\",\"url\":\"https:\\\/\\\/secure.gravatar.com\\\/avatar\\\/7c04aeccf2dc49fb8b85552b29989f044b4d86f94489f155d303539a17f5c074?s=96&d=mm&r=g\",\"contentUrl\":\"https:\\\/\\\/secure.gravatar.com\\\/avatar\\\/7c04aeccf2dc49fb8b85552b29989f044b4d86f94489f155d303539a17f5c074?s=96&d=mm&r=g\",\"caption\":\"Rodrigo Silva\"},\"url\":\"https:\\\/\\\/masterway.net\\\/ao\\\/author\\\/rodrigo\\\/\"}]}<\/script>\n<!-- \/ Yoast SEO plugin. -->","yoast_head_json":{"title":"Vantagens da cloud para empreendedores (e n\u00e3o s\u00f3!) - Masterway","robots":{"index":"index","follow":"follow","max-snippet":"max-snippet:-1","max-image-preview":"max-image-preview:large","max-video-preview":"max-video-preview:-1"},"canonical":"https:\/\/masterway.net\/ao\/vantagens-da-cloud-para-empreendedores-e-nao-so\/","og_locale":"en_US","og_type":"article","og_title":"Vantagens da cloud para empreendedores (e n\u00e3o s\u00f3!) - Masterway","og_description":"Millennial. \u00c9 esta a gera\u00e7\u00e3o \u00e0 qual pertence a esmagadora maioria dos empreendedores que hoje abrem pequenos neg\u00f3cios e criam startups.","og_url":"https:\/\/masterway.net\/ao\/vantagens-da-cloud-para-empreendedores-e-nao-so\/","og_site_name":"Masterway","article_publisher":"https:\/\/www.facebook.com\/masterwaysoftware","article_published_time":"2019-04-03T15:24:13+00:00","article_modified_time":"2024-11-12T12:13:48+00:00","og_image":[{"width":1200,"height":630,"url":"https:\/\/masterway.net\/wp-content\/uploads\/2024\/11\/fa-empreendedorismo-01.webp","type":"image\/webp"}],"author":"Rodrigo Silva","twitter_card":"summary_large_image","twitter_misc":{"Written by":"Rodrigo Silva","Est. reading time":"5 minutes"},"schema":{"@context":"https:\/\/schema.org","@graph":[{"@type":"Article","@id":"https:\/\/masterway.net\/ao\/vantagens-da-cloud-para-empreendedores-e-nao-so\/#article","isPartOf":{"@id":"https:\/\/masterway.net\/ao\/vantagens-da-cloud-para-empreendedores-e-nao-so\/"},"author":{"name":"Rodrigo Silva","@id":"https:\/\/masterway.net\/ao\/#\/schema\/person\/c25b2ee5f24a3648d0d6384dd89e3667"},"headline":"Vantagens da cloud para empreendedores (e n\u00e3o s\u00f3!)","datePublished":"2019-04-03T15:24:13+00:00","dateModified":"2024-11-12T12:13:48+00:00","mainEntityOfPage":{"@id":"https:\/\/masterway.net\/ao\/vantagens-da-cloud-para-empreendedores-e-nao-so\/"},"wordCount":949,"publisher":{"@id":"https:\/\/masterway.net\/ao\/#organization"},"image":{"@id":"https:\/\/masterway.net\/ao\/vantagens-da-cloud-para-empreendedores-e-nao-so\/#primaryimage"},"thumbnailUrl":"https:\/\/masterway.net\/wp-content\/uploads\/2024\/11\/fa-empreendedorismo-01.webp","keywords":["Not\u00edcias"],"articleSection":["Not\u00edcias"],"inLanguage":"AO"},{"@type":"WebPage","@id":"https:\/\/masterway.net\/ao\/vantagens-da-cloud-para-empreendedores-e-nao-so\/","url":"https:\/\/masterway.net\/ao\/vantagens-da-cloud-para-empreendedores-e-nao-so\/","name":"Vantagens da cloud para empreendedores (e n\u00e3o s\u00f3!) - Masterway","isPartOf":{"@id":"https:\/\/masterway.net\/ao\/#website"},"primaryImageOfPage":{"@id":"https:\/\/masterway.net\/ao\/vantagens-da-cloud-para-empreendedores-e-nao-so\/#primaryimage"},"image":{"@id":"https:\/\/masterway.net\/ao\/vantagens-da-cloud-para-empreendedores-e-nao-so\/#primaryimage"},"thumbnailUrl":"https:\/\/masterway.net\/wp-content\/uploads\/2024\/11\/fa-empreendedorismo-01.webp","datePublished":"2019-04-03T15:24:13+00:00","dateModified":"2024-11-12T12:13:48+00:00","breadcrumb":{"@id":"https:\/\/masterway.net\/ao\/vantagens-da-cloud-para-empreendedores-e-nao-so\/#breadcrumb"},"inLanguage":"AO","potentialAction":[{"@type":"ReadAction","target":["https:\/\/masterway.net\/ao\/vantagens-da-cloud-para-empreendedores-e-nao-so\/"]}]},{"@type":"ImageObject","inLanguage":"AO","@id":"https:\/\/masterway.net\/ao\/vantagens-da-cloud-para-empreendedores-e-nao-so\/#primaryimage","url":"https:\/\/masterway.net\/wp-content\/uploads\/2024\/11\/fa-empreendedorismo-01.webp","contentUrl":"https:\/\/masterway.net\/wp-content\/uploads\/2024\/11\/fa-empreendedorismo-01.webp","width":1200,"height":630},{"@type":"BreadcrumbList","@id":"https:\/\/masterway.net\/ao\/vantagens-da-cloud-para-empreendedores-e-nao-so\/#breadcrumb","itemListElement":[{"@type":"ListItem","position":1,"name":"In\u00edcio","item":"https:\/\/masterway.net\/ao\/"},{"@type":"ListItem","position":2,"name":"Vantagens da cloud para empreendedores (e n\u00e3o s\u00f3!)"}]},{"@type":"WebSite","@id":"https:\/\/masterway.net\/ao\/#website","url":"https:\/\/masterway.net\/ao\/","name":"Masterway","description":"","publisher":{"@id":"https:\/\/masterway.net\/ao\/#organization"},"potentialAction":[{"@type":"SearchAction","target":{"@type":"EntryPoint","urlTemplate":"https:\/\/masterway.net\/ao\/?s={search_term_string}"},"query-input":{"@type":"PropertyValueSpecification","valueRequired":true,"valueName":"search_term_string"}}],"inLanguage":"AO"},{"@type":"Organization","@id":"https:\/\/masterway.net\/ao\/#organization","name":"Masterway","url":"https:\/\/masterway.net\/ao\/","logo":{"@type":"ImageObject","inLanguage":"AO","@id":"https:\/\/masterway.net\/ao\/#\/schema\/logo\/image\/","url":"https:\/\/masterway.net\/wp-content\/uploads\/2024\/02\/masterway-logo-color.svg","contentUrl":"https:\/\/masterway.net\/wp-content\/uploads\/2024\/02\/masterway-logo-color.svg","width":1,"height":1,"caption":"Masterway"},"image":{"@id":"https:\/\/masterway.net\/ao\/#\/schema\/logo\/image\/"},"sameAs":["https:\/\/www.facebook.com\/masterwaysoftware"]},{"@type":"Person","@id":"https:\/\/masterway.net\/ao\/#\/schema\/person\/c25b2ee5f24a3648d0d6384dd89e3667","name":"Rodrigo Silva","image":{"@type":"ImageObject","inLanguage":"AO","@id":"https:\/\/secure.gravatar.com\/avatar\/7c04aeccf2dc49fb8b85552b29989f044b4d86f94489f155d303539a17f5c074?s=96&d=mm&r=g","url":"https:\/\/secure.gravatar.com\/avatar\/7c04aeccf2dc49fb8b85552b29989f044b4d86f94489f155d303539a17f5c074?s=96&d=mm&r=g","contentUrl":"https:\/\/secure.gravatar.com\/avatar\/7c04aeccf2dc49fb8b85552b29989f044b4d86f94489f155d303539a17f5c074?s=96&d=mm&r=g","caption":"Rodrigo Silva"},"url":"https:\/\/masterway.net\/ao\/author\/rodrigo\/"}]}},"_links":{"self":[{"href":"https:\/\/masterway.net\/ao\/wp-json\/wp\/v2\/posts\/12737","targetHints":{"allow":["GET"]}}],"collection":[{"href":"https:\/\/masterway.net\/ao\/wp-json\/wp\/v2\/posts"}],"about":[{"href":"https:\/\/masterway.net\/ao\/wp-json\/wp\/v2\/types\/post"}],"author":[{"embeddable":true,"href":"https:\/\/masterway.net\/ao\/wp-json\/wp\/v2\/users\/2"}],"replies":[{"embeddable":true,"href":"https:\/\/masterway.net\/ao\/wp-json\/wp\/v2\/comments?post=12737"}],"version-history":[{"count":1,"href":"https:\/\/masterway.net\/ao\/wp-json\/wp\/v2\/posts\/12737\/revisions"}],"predecessor-version":[{"id":12740,"href":"https:\/\/masterway.net\/ao\/wp-json\/wp\/v2\/posts\/12737\/revisions\/12740"}],"wp:featuredmedia":[{"embeddable":true,"href":"https:\/\/masterway.net\/ao\/wp-json\/wp\/v2\/media\/11535"}],"wp:attachment":[{"href":"https:\/\/masterway.net\/ao\/wp-json\/wp\/v2\/media?parent=12737"}],"wp:term":[{"taxonomy":"category","embeddable":true,"href":"https:\/\/masterway.net\/ao\/wp-json\/wp\/v2\/categories?post=12737"},{"taxonomy":"post_tag","embeddable":true,"href":"https:\/\/masterway.net\/ao\/wp-json\/wp\/v2\/tags?post=12737"}],"curies":[{"name":"wp","href":"https:\/\/api.w.org\/{rel}","templated":true}]}}